{"id":10914,"date":"2023-11-22T21:18:52","date_gmt":"2023-11-23T00:18:52","guid":{"rendered":"https:\/\/certificadocursosonline.com\/blog\/?p=10914"},"modified":"2023-11-22T21:18:52","modified_gmt":"2023-11-23T00:18:52","slug":"quem-tem-curso-superior-tem-direito-a-cela-especial","status":"publish","type":"post","link":"https:\/\/certificadocursosonline.com\/blog\/quem-tem-curso-superior-tem-direito-a-cela-especial\/","title":{"rendered":"Quem Tem Curso Superior Tem Direito a Cela Especial?"},"content":{"rendered":"<p>Em um mundo onde a educa\u00e7\u00e3o e o sistema legal se entrela\u00e7am de maneiras complexas e muitas vezes inexploradas, surge uma quest\u00e3o que poucos consideram at\u00e9 que se torna pessoalmente relevante: &#8216;Quem Tem Curso Superior Tem Direito a Cela Especial?&#8217;<\/p>\n<p>Essa pergunta, antes relevante, agora tem um novo significado legal. O <a href=\"https:\/\/portal.stf.jus.br\/\" target=\"_blank\" rel=\"noopener\">Supremo Tribunal Federal (STF)<\/a> do Brasil acabou com a regra que dava a graduados o direito a celas especiais antes de uma condena\u00e7\u00e3o final. Essa mudan\u00e7a \u00e9 importante, pois afeta a rela\u00e7\u00e3o entre educa\u00e7\u00e3o, <a href=\"https:\/\/certificadocursosonline.com\/blog\/o-que-e-curso-de-direito\/\" target=\"_blank\" rel=\"noopener\">direitos civis<\/a> e o sistema de justi\u00e7a.<\/p>\n<p>Imagine um cen\u00e1rio onde um indiv\u00edduo com anos de estudo, diplomas e, talvez, uma carreira estabelecida, encontra-se, por uma raz\u00e3o ou outra, do lado errado da lei. Antes, esse indiv\u00edduo poderia esperar um tratamento diferenciado na deten\u00e7\u00e3o; Hoje, essa expectativa mudou completamente.<\/p>\n<p>A deten\u00e7\u00e3o, um ambiente estranho e amea\u00e7ador, traz \u00e0 tona desafios e incertezas. A quest\u00e3o da cela especial, antes um direito assegurado, agora torna-se um tema de debate e reflex\u00e3o sobre igualdade e justi\u00e7a.<\/p>\n<p>Este artigo prop\u00f5e uma jornada explorat\u00f3ria nesse terreno complexo e recentemente transformado. Vamos desvendar as camadas legais, sociais e \u00e9ticas que agora redefinem este direito, oferecendo clareza, insights e uma an\u00e1lise aprofundada que transcende o ordin\u00e1rio.<\/p>\n<p>Prepare-se para uma an\u00e1lise que responde \u00e0 pergunta sob uma nova perspectiva legal e tamb\u00e9m destaca a import\u00e2ncia da justi\u00e7a e igualdade.<\/p>\n<h2>Quem Tem Curso Superior Tem Direito a Cela Especial?<\/h2>\n<p>A decis\u00e3o do <a href=\"https:\/\/portal.stf.jus.br\/\" target=\"_blank\" rel=\"noopener\">Supremo Tribunal Federal (STF)<\/a> do Brasil de retirar o direito de pessoas com ensino superior a terem celas especiais antes de serem condenadas \u00e9 um grande passo para a igualdade na justi\u00e7a. Antes, a lei permitia que quem tinha diploma de faculdade ficasse em celas melhores durante a pris\u00e3o provis\u00f3ria, mas isso foi visto como injusto porque favorecia pessoas mais educadas.<\/p>\n<p>Agora, com a decis\u00e3o un\u00e2nime do STF, todos, independentemente da educa\u00e7\u00e3o ou posi\u00e7\u00e3o social, s\u00e3o tratados da mesma forma na pris\u00e3o.<\/p>\n<p>Isso mostra o compromisso do Brasil com a igualdade perante a lei e a ideia de que todos devem ser tratados com justi\u00e7a e dignidade, sem importar seu background.<\/p>\n<p>Essa mudan\u00e7a \u00e9 importante n\u00e3o s\u00f3 para garantir igualdade, mas tamb\u00e9m para melhorar o sistema penal como um todo, focando no tratamento justo e na reabilita\u00e7\u00e3o de todos os presos.<\/p>\n<p>Isso ajuda a promover uma sociedade mais justa e respeitosa com os <a href=\"https:\/\/certificadocursosonline.com\/categoria\/direito\/\" target=\"_blank\" rel=\"noopener\">direitos humanos<\/a><\/p>\n<h2><strong>Quais os direitos de quem est\u00e1 em cela especial?<\/strong><\/h2>\n<p>Os direitos de quem est\u00e1 em cela especial podem variar dependendo da legisla\u00e7\u00e3o espec\u00edfica de cada pa\u00eds.<\/p>\n<p>No entanto, com a recente mudan\u00e7a na legisla\u00e7\u00e3o brasileira, onde o Supremo Tribunal Federal declarou inconstitucional a previs\u00e3o de pris\u00e3o especial para pessoas com diploma de ensino superior, a situa\u00e7\u00e3o no Brasil mudou significativamente.<\/p>\n<p>Antes dessa mudan\u00e7a, os direitos geralmente associados \u00e0s celas especiais inclu\u00edam:<\/p>\n<ol>\n<li><strong>Melhores Condi\u00e7\u00f5es de Alojamento<\/strong>: Celas especiais tendiam a oferecer melhores condi\u00e7\u00f5es em termos de espa\u00e7o, higiene e privacidade em compara\u00e7\u00e3o com as celas comuns. Isso inclu\u00eda instala\u00e7\u00f5es sanit\u00e1rias adequadas e, \u00e0s vezes, melhores condi\u00e7\u00f5es de acomoda\u00e7\u00e3o.<\/li>\n<li><strong>Seguran\u00e7a Refor\u00e7ada<\/strong>: A seguran\u00e7a nessas celas era muitas vezes mais controlada para proteger os detidos de poss\u00edveis amea\u00e7as ou viol\u00eancia por parte de outros presos.<\/li>\n<li><strong>Privacidade<\/strong>: Uma maior privacidade era garantida, evitando a superlota\u00e7\u00e3o e oferecendo um ambiente mais tranquilo.<\/li>\n<li><strong>Acesso a Recursos<\/strong>: Em alguns casos, as celas especiais podiam oferecer melhor acesso a recursos como livros, jornais e, ocasionalmente, televis\u00e3o ou r\u00e1dio.<\/li>\n<li><strong>Tratamento Diferenciado<\/strong>: Os detidos em celas especiais muitas vezes recebiam um tratamento diferenciado em termos de visitas, hor\u00e1rios de refei\u00e7\u00e3o e outras rotinas di\u00e1rias.<\/li>\n<\/ol>\n<p>Ap\u00f3s a decis\u00e3o do STF, esses direitos e condi\u00e7\u00f5es especiais para pessoas com ensino superior n\u00e3o s\u00e3o mais aplic\u00e1veis no Brasil. Agora, independentemente da forma\u00e7\u00e3o educacional, os detidos devem receber um tratamento igualit\u00e1rio dentro do sistema prisional, de acordo com as normas gerais de direitos dos presos que incluem respeito \u00e0 dignidade, seguran\u00e7a e necessidades b\u00e1sicas.<\/p>\n<h2>Educa\u00e7\u00e3o e Justi\u00e7a: Desvendando o Direito \u00e0 Cela Especial<\/h2>\n<p>Em conclus\u00e3o, a recente decis\u00e3o do Supremo Tribunal Federal do Brasil, que elimina a distin\u00e7\u00e3o de celas especiais para pessoas com diploma de ensino superior, marca um avan\u00e7o significativo no sistema de justi\u00e7a criminal do pa\u00eds.<\/p>\n<p>Essa mudan\u00e7a n\u00e3o apenas desfaz uma pr\u00e1tica que muitos consideravam um resqu\u00edcio de desigualdade social e educacional, mas tamb\u00e9m reflete um compromisso mais forte com a igualdade e os direitos humanos. O impacto dessa decis\u00e3o vai al\u00e9m da quest\u00e3o das celas especiais.<\/p>\n<p>Ele simboliza um passo em dire\u00e7\u00e3o a um sistema de justi\u00e7a mais justo e equ\u00e2nime, onde todos s\u00e3o vistos e tratados igualmente perante a lei, independente de sua forma\u00e7\u00e3o acad\u00eamica ou status social.<\/p>\n<p>Este movimento alinha o Brasil com princ\u00edpios universais de justi\u00e7a e igualdade, mostrando um progresso na dire\u00e7\u00e3o de um tratamento mais humanizado e justo para todos os indiv\u00edduos dentro do sistema penal.<\/p>\n<p>Agora, as condi\u00e7\u00f5es de deten\u00e7\u00e3o e os direitos dos presos s\u00e3o determinados por padr\u00f5es gerais que buscam garantir a dignidade, a seguran\u00e7a e as necessidades b\u00e1sicas de todos, sem exce\u00e7\u00f5es baseadas em educa\u00e7\u00e3o ou outros crit\u00e9rios socioecon\u00f4micos.<\/p>\n<p>Este \u00e9 um momento decisivo na hist\u00f3ria do sistema de justi\u00e7a criminal brasileiro, representando uma evolu\u00e7\u00e3o importante na maneira como o pa\u00eds aborda os direitos e o tratamento dos detidos.<\/p>\n","protected":false},"excerpt":{"rendered":"<p>Em um mundo onde a educa\u00e7\u00e3o e o sistema legal se entrela\u00e7am de maneiras complexas e muitas vezes inexploradas, surge uma quest\u00e3o que poucos consideram at\u00e9 que se torna pessoalmente relevante: &#8216;Quem Tem Curso Superior Tem Direito a Cela Especial?&#8217; Essa pergunta, antes relevante, agora tem um novo significado legal. O Supremo Tribunal Federal (STF) [&hellip;] <a class=\"g1-link g1-link-more\" href=\"https:\/\/certificadocursosonline.com\/blog\/quem-tem-curso-superior-tem-direito-a-cela-especial\/\">Mais<\/a><\/p>\n","protected":false},"author":3,"featured_media":11464,"comment_status":"closed","ping_status":"closed","sticky":false,"template":"","format":"standard","meta":{"footnotes":""},"categories":[22],"tags":[],"class_list":{"0":"post-10914","1":"post","2":"type-post","3":"status-publish","4":"format-standard","5":"has-post-thumbnail","7":"category-direito"},"wps_subtitle":"","_links":{"self":[{"href":"https:\/\/certificadocursosonline.com\/blog\/wp-json\/wp\/v2\/posts\/10914","targetHints":{"allow":["GET"]}}],"collection":[{"href":"https:\/\/certificadocursosonline.com\/blog\/wp-json\/wp\/v2\/posts"}],"about":[{"href":"https:\/\/certificadocursosonline.com\/blog\/wp-json\/wp\/v2\/types\/post"}],"author":[{"embeddable":true,"href":"https:\/\/certificadocursosonline.com\/blog\/wp-json\/wp\/v2\/users\/3"}],"replies":[{"embeddable":true,"href":"https:\/\/certificadocursosonline.com\/blog\/wp-json\/wp\/v2\/comments?post=10914"}],"version-history":[{"count":13,"href":"https:\/\/certificadocursosonline.com\/blog\/wp-json\/wp\/v2\/posts\/10914\/revisions"}],"predecessor-version":[{"id":11441,"href":"https:\/\/certificadocursosonline.com\/blog\/wp-json\/wp\/v2\/posts\/10914\/revisions\/11441"}],"wp:featuredmedia":[{"embeddable":true,"href":"https:\/\/certificadocursosonline.com\/blog\/wp-json\/wp\/v2\/media\/11464"}],"wp:attachment":[{"href":"https:\/\/certificadocursosonline.com\/blog\/wp-json\/wp\/v2\/media?parent=10914"}],"wp:term":[{"taxonomy":"category","embeddable":true,"href":"https:\/\/certificadocursosonline.com\/blog\/wp-json\/wp\/v2\/categories?post=10914"},{"taxonomy":"post_tag","embeddable":true,"href":"https:\/\/certificadocursosonline.com\/blog\/wp-json\/wp\/v2\/tags?post=10914"}],"curies":[{"name":"wp","href":"https:\/\/api.w.org\/{rel}","templated":true}]}}